{"id":4035,"date":"2026-01-28T19:02:55","date_gmt":"2026-01-28T18:02:55","guid":{"rendered":"https:\/\/leiroresidences.com\/?p=4035"},"modified":"2026-01-28T19:03:02","modified_gmt":"2026-01-28T18:03:02","slug":"arte-contemporaneo-coleccionismo-malaga","status":"publish","type":"post","link":"https:\/\/leiroresidences.com\/es\/arte-contemporaneo-coleccionismo-malaga\/","title":{"rendered":"Arte contempor\u00e1neo y coleccionismo en M\u00e1laga: galer\u00edas, ferias y compras con criterio"},"content":{"rendered":"\n<h2 class=\"wp-block-heading\"><strong>M\u00e1laga, capital cultural del sur de Europa<\/strong><\/h2>\n\n\n\n<p>En los \u00faltimos a\u00f1os, M\u00e1laga se ha consolidado como uno de los grandes referentes del <strong>arte contempor\u00e1neo en Europa<\/strong>. A su luz mediterr\u00e1nea y calidad de vida se suma una escena art\u00edstica din\u00e1mica, con museos de primer nivel, galer\u00edas independientes, ferias especializadas y un creciente inter\u00e9s por el <strong>coleccionismo consciente y de autor<\/strong>.<\/p>\n\n\n\n<p>Para quienes se alojan en <strong>Leiro Residences<\/strong>, explorar esta vertiente cultural es una forma sofisticada de enriquecer la estancia, alej\u00e1ndose del turismo convencional y conectando con el pulso creativo de la ciudad y su entorno.<\/p>\n\n\n\n<figure class=\"wp-block-image size-full\"><img decoding=\"async\" width=\"640\" height=\"426\" src=\"https:\/\/leiroresidences.com\/wp-content\/uploads\/2026\/01\/image-1.jpeg\" alt=\"\" class=\"wp-image-4040\" srcset=\"https:\/\/leiroresidences.com\/wp-content\/uploads\/2026\/01\/image-1.jpeg 640w, https:\/\/leiroresidences.com\/wp-content\/uploads\/2026\/01\/image-1-300x200.jpeg 300w\" sizes=\"(max-width: 640px) 100vw, 640px\" \/><\/figure>\n\n\n\n<p>4<\/p>\n\n\n\n<h2 class=\"wp-block-heading\"><strong>Museos imprescindibles para amantes del arte contempor\u00e1neo<\/strong><\/h2>\n\n\n\n<p>M\u00e1laga ofrece una red <a href=\"https:\/\/leiroresidences.com\/es\/museos-para-visitar-en-malaga\/\">muse\u00edstica<\/a> excepcional que combina grandes nombres internacionales con propuestas vanguardistas.<\/p>\n\n\n\n<h3 class=\"wp-block-heading\"><strong>Centre Pompidou M\u00e1laga<\/strong><\/h3>\n\n\n\n<p>Ubicado en el emblem\u00e1tico \u201cCubo\u201d del puerto, es una de las sedes internacionales del centro parisino. Sus exposiciones temporales y su colecci\u00f3n semipermanente lo convierten en una visita obligada para entender las tendencias actuales del arte moderno y contempor\u00e1neo.<\/p>\n\n\n\n<h3 class=\"wp-block-heading\"><strong>CAC M\u00e1laga<\/strong><\/h3>\n\n\n\n<p>El Centro de Arte Contempor\u00e1neo es uno de los grandes motores culturales de la ciudad. Con entrada <a href=\"https:\/\/leiroresidences.com\/es\/actividades-gratuitas-para-hacer-en-malaga\">gratuita<\/a> y una programaci\u00f3n ambiciosa, apuesta por artistas consolidados y emergentes del panorama internacional.<\/p>\n\n\n\n<h3 class=\"wp-block-heading\"><strong>Museo Picasso M\u00e1laga<\/strong><\/h3>\n\n\n\n<p>Aunque centrado en una <a href=\"https:\/\/leiroresidences.com\/es\/el-arte-de-picasso-en-malaga\/\">figura hist\u00f3rica<\/a>, su enfoque curatorial dialoga constantemente con el arte contempor\u00e1neo, influyendo de forma directa en coleccionistas y creadores actuales.<\/p>\n\n\n\n<h2 class=\"wp-block-heading\"><strong>El Soho malague\u00f1o y las galer\u00edas de autor<\/strong><\/h2>\n\n\n\n<p>El <strong>Soho \u2013 Distrito de las Artes<\/strong> es el epicentro del arte m\u00e1s alternativo y creativo de <a href=\"https:\/\/leiroresidences.com\/es\/planes-en-malaga-en-5-dias\/\">M\u00e1laga<\/a>. Aqu\u00ed se concentran galer\u00edas, estudios de artistas y espacios h\u00edbridos donde descubrir obra original y ediciones limitadas.<\/p>\n\n\n\n<h3 class=\"wp-block-heading\"><strong>Galer\u00edas a tener en el radar<\/strong><\/h3>\n\n\n\n<ul class=\"wp-block-list\">\n<li><strong>Galer\u00eda Javier Mar\u00edn<\/strong>: pintura y escultura contempor\u00e1nea con fuerte discurso conceptual<\/li>\n\n\n\n<li><strong>La Casa Amarilla<\/strong>: arte emergente, fotograf\u00eda y nuevas narrativas visuales<\/li>\n\n\n\n<li><strong>Yusto\/Giner<\/strong>: artistas internacionales y propuestas curatoriales arriesgadas<\/li>\n\n\n\n<li><strong>Isabel Hurley Gallery<\/strong>: una de las galer\u00edas m\u00e1s prestigiosas del sur de Espa\u00f1a<\/li>\n<\/ul>\n\n\n\n<p>Muchas de estas galer\u00edas ofrecen <strong>visitas privadas bajo cita<\/strong>, ideales para coleccionistas o compradores interesados en adquirir obra con asesoramiento directo.<\/p>\n\n\n\n<h2 class=\"wp-block-heading\"><strong>Ferias de arte y eventos culturales clave<\/strong><\/h2>\n\n\n\n<p>A lo largo del a\u00f1o, M\u00e1laga y Andaluc\u00eda acogen eventos que atraen a coleccionistas nacionales e internacionales.<\/p>\n\n\n\n<h3 class=\"wp-block-heading\"><strong>Citas destacadas<\/strong><\/h3>\n\n\n\n<ul class=\"wp-block-list\">\n<li><strong>Art &amp; Breakfast<\/strong>: feria de arte emergente en formato boutique<\/li>\n\n\n\n<li><strong>Open Studios M\u00e1laga<\/strong>: jornadas para visitar estudios de artistas locales<\/li>\n\n\n\n<li><strong>Bienales y exposiciones temporales<\/strong> en museos y fundaciones privadas<\/li>\n<\/ul>\n\n\n\n<p>Estos eventos son una excelente oportunidad para <strong>descubrir talento antes de que alcance el circuito internacional<\/strong>, una de las claves del coleccionismo inteligente.<\/p>\n\n\n\n<h2 class=\"wp-block-heading\"><strong>Coleccionismo con criterio: qu\u00e9 comprar y c\u00f3mo hacerlo<\/strong><\/h2>\n\n\n\n<p>El perfil de comprador actual busca algo m\u00e1s que est\u00e9tica: valora el <strong>discurso, la trayectoria del artista y la autenticidad<\/strong>.<\/p>\n\n\n\n<h3 class=\"wp-block-heading\"><strong>Tendencias en alza en M\u00e1laga<\/strong><\/h3>\n\n\n\n<ul class=\"wp-block-list\">\n<li>Pintura contempor\u00e1nea figurativa con <a href=\"https:\/\/leiroresidences.com\/es\/rutas-de-arte-urbano-descubre-la-escena-creativa-alternativa-de-malaga\/\">identidad<\/a> mediterr\u00e1nea<\/li>\n\n\n\n<li>Fotograf\u00eda art\u00edstica en ediciones limitadas<\/li>\n\n\n\n<li>Escultura en peque\u00f1o formato para interiorismo de alto nivel<\/li>\n\n\n\n<li>Arte digital certificado y nuevas formas de coleccionismo h\u00edbrido<\/li>\n<\/ul>\n\n\n\n<p>Antes de comprar, es recomendable:<\/p>\n\n\n\n<ul class=\"wp-block-list\">\n<li>Solicitar <strong>certificado de autenticidad<\/strong><\/li>\n\n\n\n<li>Conocer la trayectoria del artista y sus exposiciones<\/li>\n\n\n\n<li>Comprar a trav\u00e9s de galer\u00edas o intermediarios de confianza<\/li>\n\n\n\n<li>Pensar en la obra como <strong>experiencia y legado<\/strong>, no solo como inversi\u00f3n<\/li>\n<\/ul>\n\n\n\n<h2 class=\"wp-block-heading\"><strong>Experiencias culturales privadas desde Leiro Residences<\/strong><\/h2>\n\n\n\n<p>Desde <strong>Leiro Residences<\/strong>, es posible organizar experiencias culturales exclusivas adaptadas a cada hu\u00e9sped:<\/p>\n\n\n\n<ul class=\"wp-block-list\">\n<li>Visitas guiadas privadas a museos fuera de horario<\/li>\n\n\n\n<li>Recorridos personalizados por galer\u00edas con curadores locales<\/li>\n\n\n\n<li>Asesoramiento en compras de arte y transporte de obras<\/li>\n\n\n\n<li>Combinaci\u00f3n de arte, gastronom\u00eda y arquitectura en una misma jornada<\/li>\n<\/ul>\n\n\n\n<p>Este tipo de experiencias transforman una escapada en una <strong>vivencia cultural de alto valor<\/strong>, alineada con un estilo de vida sofisticado y consciente.<\/p>\n\n\n\n<h2 class=\"wp-block-heading\"><strong>M\u00e1laga, donde el arte se vive con calma<\/strong><\/h2>\n\n\n\n<p>El verdadero lujo cultural no est\u00e1 en la acumulaci\u00f3n, sino en el <strong>tiempo y la mirada<\/strong>. M\u00e1laga ofrece el escenario perfecto para descubrir arte sin prisas, conversar con artistas, elegir piezas con significado y disfrutar del proceso creativo.<\/p>\n\n\n\n<p>Alojarse en <strong><a href=\"https:\/\/leiroresidences.com\/\">Leiro Residences<\/a><\/strong> permite vivir esta dimensi\u00f3n cultural desde la tranquilidad, el dise\u00f1o y la privacidad, conectando con una M\u00e1laga contempor\u00e1nea, elegante y profundamente inspiradora.<\/p>\n\n\n<style>\n  .author-signature {\n    display: flex;\n    align-items: center;\n    background: #f9f9f9;\n    border-left: 4px solid #f07e2a;\n    padding: 20px;\n    border-radius: 8px;\n    margin: 20px auto;\n    box-shadow: 0 4px 10px rgba(0,0,0,0.05);\n    font-family: 'Helvetica Neue', Helvetica, Arial, sans-serif;\n  }\n\n  .author-image {\n    flex-shrink: 0;\n    width: 100px;\n    height: 100px;\n    border-radius: 50%;\n    overflow: hidden;\n    margin-right: 20px;\n    border: 2px solid #f07e2a;\n  }\n\n  .author-image img {\n    width: 100%;\n    height: 100%;\n    object-fit: cover;\n  }\n\n  .author-info {\n    flex: 1;\n  }\n\n  .author-name {\n    font-size: 1.3rem;\n    font-weight: bold;\n    margin: 0 0 5px 0;\n    color: #333;\n  }\n\n  .author-description {\n    font-size: 0.95rem;\n    color: #555;\n    margin-bottom: 10px;\n  }\n\n  .author-contact {\n    font-size: 0.9rem;\n    color: #0073aa;\n  }\n\n  .author-contact a {\n    text-decoration: none;\n    color: #0073aa;\n  }\n\n  @media (max-width: 600px) {\n    .author-signature {\n      flex-direction: column;\n      text-align: center;\n    }\n\n    .author-image {\n      margin: 0 0 15px 0;\n    }\n\n    .author-contact {\n      font-size: 0.85rem;\n    }\n  }\n<\/style>\n\n<div class=\"author-signature\">\n  <div class=\"author-image\">\n    <img decoding=\"async\" src=\"https:\/\/leiroresidences.com\/wp-content\/uploads\/2024\/03\/favicon-1.jpg\" alt=\"Foto del autor\">\n  <\/div>\n  <div class=\"author-info\">\n    <p class=\"author-name\">Staff de Leiro Residences<\/p>\n    <p class=\"author-description\">\n      En Leiro Residences nos especializamos en crear espacios residenciales de alta gama que fusionan dise\u00f1o arquitect\u00f3nico contempor\u00e1neo, confort y exclusividad en M\u00e1laga, Espa\u00f1a. Cada proyecto est\u00e1 pensado para ofrecer una experiencia de vida superior, con atenci\u00f3n al detalle, materiales de primera calidad y ubicaciones privilegiadas que inspiran.\n    <\/p>\n    <p class=\"author-contact\">\n      \ud83d\udce7 <a href=\"mailto:reservasleiroresidences@higueronresort.com\">reservasleiroresidences@higueronresort.com<\/a><br>\n      \ud83d\udcde <a href=\"tel:+34952005203\">+34 952 00 52 03<\/a>\n    <\/p>\n  <\/div>\n<\/div>","protected":false},"excerpt":{"rendered":"<p>M\u00e1laga, capital cultural del sur de Europa En los \u00faltimos a\u00f1os, M\u00e1laga se ha consolidado como uno de los grandes referentes del arte contempor\u00e1neo en Europa. A su luz mediterr\u00e1nea y calidad de vida se suma una escena art\u00edstica din\u00e1mica, con museos de primer nivel, galer\u00edas independientes, ferias especializadas y un creciente inter\u00e9s por el&#8230;<\/p>\n","protected":false},"author":4,"featured_media":4036,"comment_status":"closed","ping_status":"open","sticky":false,"template":"","format":"standard","meta":{"_acf_changed":false,"inline_featured_image":false,"_uag_custom_page_level_css":"","footnotes":""},"categories":[1],"tags":[],"class_list":["post-4035","post","type-post","status-publish","format-standard","has-post-thumbnail","hentry","category-sin-categorizar"],"acf":[],"uagb_featured_image_src":{"full":["https:\/\/leiroresidences.com\/wp-content\/uploads\/2026\/01\/image.jpeg",1100,734,false],"thumbnail":["https:\/\/leiroresidences.com\/wp-content\/uploads\/2026\/01\/image-150x150.jpeg",150,150,true],"medium":["https:\/\/leiroresidences.com\/wp-content\/uploads\/2026\/01\/image-300x200.jpeg",300,200,true],"medium_large":["https:\/\/leiroresidences.com\/wp-content\/uploads\/2026\/01\/image-768x512.jpeg",768,512,true],"large":["https:\/\/leiroresidences.com\/wp-content\/uploads\/2026\/01\/image-1024x683.jpeg",1024,683,true],"1536x1536":["https:\/\/leiroresidences.com\/wp-content\/uploads\/2026\/01\/image.jpeg",1100,734,false],"2048x2048":["https:\/\/leiroresidences.com\/wp-content\/uploads\/2026\/01\/image.jpeg",1100,734,false]},"uagb_author_info":{"display_name":"Tomas","author_link":"https:\/\/leiroresidences.com\/es\/author\/tomas\/"},"uagb_comment_info":0,"uagb_excerpt":"M\u00e1laga, capital cultural del sur de Europa En los \u00faltimos a\u00f1os, M\u00e1laga se ha consolidado como uno de los grandes referentes del arte contempor\u00e1neo en Europa. A su luz mediterr\u00e1nea y calidad de vida se suma una escena art\u00edstica din\u00e1mica, con museos de primer nivel, galer\u00edas independientes, ferias especializadas y un creciente inter\u00e9s por el...","_links":{"self":[{"href":"https:\/\/leiroresidences.com\/es\/wp-json\/wp\/v2\/posts\/4035","targetHints":{"allow":["GET"]}}],"collection":[{"href":"https:\/\/leiroresidences.com\/es\/wp-json\/wp\/v2\/posts"}],"about":[{"href":"https:\/\/leiroresidences.com\/es\/wp-json\/wp\/v2\/types\/post"}],"author":[{"embeddable":true,"href":"https:\/\/leiroresidences.com\/es\/wp-json\/wp\/v2\/users\/4"}],"replies":[{"embeddable":true,"href":"https:\/\/leiroresidences.com\/es\/wp-json\/wp\/v2\/comments?post=4035"}],"version-history":[{"count":1,"href":"https:\/\/leiroresidences.com\/es\/wp-json\/wp\/v2\/posts\/4035\/revisions"}],"predecessor-version":[{"id":4049,"href":"https:\/\/leiroresidences.com\/es\/wp-json\/wp\/v2\/posts\/4035\/revisions\/4049"}],"wp:featuredmedia":[{"embeddable":true,"href":"https:\/\/leiroresidences.com\/es\/wp-json\/wp\/v2\/media\/4036"}],"wp:attachment":[{"href":"https:\/\/leiroresidences.com\/es\/wp-json\/wp\/v2\/media?parent=4035"}],"wp:term":[{"taxonomy":"category","embeddable":true,"href":"https:\/\/leiroresidences.com\/es\/wp-json\/wp\/v2\/categories?post=4035"},{"taxonomy":"post_tag","embeddable":true,"href":"https:\/\/leiroresidences.com\/es\/wp-json\/wp\/v2\/tags?post=4035"}],"curies":[{"name":"wp","href":"https:\/\/api.w.org\/{rel}","templated":true}]}}