{"id":4400,"date":"2026-04-14T09:51:15","date_gmt":"2026-04-14T07:51:15","guid":{"rendered":"https:\/\/leiroresidences.com\/?p=4400"},"modified":"2026-03-31T10:58:12","modified_gmt":"2026-03-31T08:58:12","slug":"starlite-occident-marbella-2026","status":"publish","type":"post","link":"https:\/\/leiroresidences.com\/es\/starlite-occident-marbella-2026\/","title":{"rendered":"Starlite Occident Marbella 2026: Gu\u00eda Exclusiva y Cartel de Conciertos"},"content":{"rendered":"\n<p>El <strong>Starlite Occident Marbella<\/strong> regresa en su 15\u00aa edici\u00f3n para reafirmarse como el <strong>mejor festival de Marbella<\/strong> y una de las citas imprescindibles del verano europeo. Si est\u00e1s planeando tus pr\u00f3ximas <strong>vacaciones de lujo en M\u00e1laga<\/strong>, los <strong>conciertos en 2026<\/strong> dentro de la emblem\u00e1tica cantera ofrecen una combinaci\u00f3n inigualable de ac\u00fastica perfecta y entorno natural.<\/p>\n\n\n\n<p>En <strong><a href=\"https:\/\/leiroresidences.com\/es\/\">Leiro Residences<\/a><\/strong>, sabemos que la experiencia Starlite va m\u00e1s all\u00e1 de la m\u00fasica; es un s\u00edmbolo de estatus y sofisticaci\u00f3n en plena <strong>Costa del Sol<\/strong>.<\/p>\n\n\n\n<h2 class=\"wp-block-heading\"><strong>La Magia de la Cantera de Nag\u00fceles en Marbella<\/strong><\/h2>\n\n\n\n<p>El festival se celebra en un auditorio natural \u00fanico: la <strong>Cantera de Nag\u00fceles<\/strong>. Este espacio no solo es famoso por su belleza geol\u00f3gica, sino por ofrecer una proximidad al artista que no encontrar\u00e1s en ning\u00fan otro gran recinto.<\/p>\n\n\n\n<p>Para quienes buscan una <strong>experiencia VIP en Starlite<\/strong>, el festival ofrece palcos exclusivos, servicio de mesa durante los conciertos y acceso a zonas restringidas donde la discreci\u00f3n y el lujo son la norma.<\/p>\n\n\n\n<h2 class=\"wp-block-heading\"><strong>Cartel Starlite 2026: Los Conciertos m\u00e1s Esperados<\/strong><\/h2>\n\n\n\n<p>El <strong>cartel de Starlite 2026<\/strong> ya est\u00e1 generando una expectaci\u00f3n sin precedentes. Este a\u00f1o, la programaci\u00f3n equilibra leyendas internacionales con los sonidos m\u00e1s actuales:<\/p>\n\n\n\n<ul class=\"wp-block-list\">\n<li><strong>Iconos Globales:<\/strong> Desde el rock de <strong>Lenny Kravitz<\/strong> hasta el pop elegante de <strong>Maroon 5<\/strong> y la voz inconfundible de <strong>John Legend<\/strong>.<\/li>\n\n\n\n<li><strong>Noches de Vanguardia:<\/strong> Espect\u00e1culos visuales con <strong>Jean-Michel Jarre<\/strong> y la energ\u00eda urbana de <strong>Ozuna<\/strong>.<\/li>\n\n\n\n<li><strong>Talento Nacional:<\/strong> Las noches m\u00e1s \u00edntimas con <strong>Vanesa Mart\u00edn, Mal\u00fa<\/strong> y el regreso de <strong>Iv\u00e1n Ferreiro<\/strong>.<\/li>\n<\/ul>\n\n\n\n<p><strong>Nota para asistentes:<\/strong> Te recomendamos asegurar tus <strong>entradas Starlite 2026<\/strong> con antelaci\u00f3n, ya que al ser un festival boutique con aforo limitado, los eventos principales suelen agotarse meses antes del verano.<\/p>\n\n\n\n<h2 class=\"wp-block-heading\"><strong>C\u00f3mo llegar a Starlite: Comodidad y Transfer Privado<\/strong><\/h2>\n\n\n\n<p>Olv\u00eddate de las complicaciones de aparcamiento en la zona de Nag\u00fceles. Para nuestros clientes, la log\u00edstica es invisible:<\/p>\n\n\n\n<ul class=\"wp-block-list\">\n<li><strong>Transfer de Lujo:<\/strong> Disponemos de un servicio de ch\u00f3fer privado que te recoger\u00e1 en tu villa y te dejar\u00e1 en la misma puerta del recinto.<\/li>\n<\/ul>\n\n\n\n<h2 class=\"wp-block-heading\"><strong>Tu Alojamiento de Lujo cerca de Marbella: Leiro Residences<\/strong><\/h2>\n\n\n\n<p>Si buscas el mejor <strong>hotel cerca de Starlite Marbella<\/strong> pero prefieres la independencia y exclusividad de una propiedad privada, nuestras <strong>villas de lujo en la Costa del Sol<\/strong> son la elecci\u00f3n natural.<\/p>\n\n\n\n<p>Ubicadas en el prestigioso entorno de <strong>Higuer\u00f3n<\/strong>, nuestras residencias ofrecen:<\/p>\n\n\n\n<ul class=\"wp-block-list\">\n<li><strong><a href=\"https:\/\/leiroresidences.com\/es\/sky-villas\/\" data-type=\"link\" data-id=\"https:\/\/leiroresidences.com\/es\/sky-villas\/\">Sky Villas con vistas al Mediterr\u00e1neo<\/a>:<\/strong> El lugar ideal para un c\u00f3ctel antes de salir hacia el festival.<\/li>\n\n\n\n<li><strong>Privacidad absoluta:<\/strong> Lejos del ruido, pero a solo unos minutos de la milla de oro marbell\u00ed.<\/li>\n\n\n\n<li><strong><a href=\"https:\/\/leiroresidences.com\/es\/relajacion-lujo-leiro-residences\/\">Bienestar integral<\/a>:<\/strong> Despu\u00e9s de una noche de fiesta en <em>Starlite Sessions<\/em>, nada como un tratamiento recuperador en nuestro spa o un desayuno privado frente al mar.<\/li>\n<\/ul>\n\n\n\n<p>Disfrutar de los <strong>conciertos en Marbella 2026<\/strong> es una experiencia sensorial, y alojarse en <strong>Leiro Residences<\/strong> es el broche de oro para un verano inolvidable.<\/p>\n\n\n<style>\n  .author-signature {\n    display: flex;\n    align-items: center;\n    background: #f9f9f9;\n    border-left: 4px solid #f07e2a;\n    padding: 20px;\n    border-radius: 8px;\n    margin: 20px auto;\n    box-shadow: 0 4px 10px rgba(0,0,0,0.05);\n    font-family: 'Helvetica Neue', Helvetica, Arial, sans-serif;\n  }\n\n  .author-image {\n    flex-shrink: 0;\n    width: 100px;\n    height: 100px;\n    border-radius: 50%;\n    overflow: hidden;\n    margin-right: 20px;\n    border: 2px solid #f07e2a;\n  }\n\n  .author-image img {\n    width: 100%;\n    height: 100%;\n    object-fit: cover;\n  }\n\n  .author-info {\n    flex: 1;\n  }\n\n  .author-name {\n    font-size: 1.3rem;\n    font-weight: bold;\n    margin: 0 0 5px 0;\n    color: #333;\n  }\n\n  .author-description {\n    font-size: 0.95rem;\n    color: #555;\n    margin-bottom: 10px;\n  }\n\n  .author-contact {\n    font-size: 0.9rem;\n    color: #0073aa;\n  }\n\n  .author-contact a {\n    text-decoration: none;\n    color: #0073aa;\n  }\n\n  @media (max-width: 600px) {\n    .author-signature {\n      flex-direction: column;\n      text-align: center;\n    }\n\n    .author-image {\n      margin: 0 0 15px 0;\n    }\n\n    .author-contact {\n      font-size: 0.85rem;\n    }\n  }\n<\/style>\n\n<div class=\"author-signature\">\n  <div class=\"author-image\">\n    <img decoding=\"async\" src=\"https:\/\/leiroresidences.com\/wp-content\/uploads\/2024\/03\/favicon-1.jpg\" alt=\"Foto del autor\">\n  <\/div>\n  <div class=\"author-info\">\n    <p class=\"author-name\">Staff de Leiro Residences<\/p>\n    <p class=\"author-description\">\n      En Leiro Residences nos especializamos en crear espacios residenciales de alta gama que fusionan dise\u00f1o arquitect\u00f3nico contempor\u00e1neo, confort y exclusividad en M\u00e1laga, Espa\u00f1a. Cada proyecto est\u00e1 pensado para ofrecer una experiencia de vida superior, con atenci\u00f3n al detalle, materiales de primera calidad y ubicaciones privilegiadas que inspiran.\n    <\/p>\n    <p class=\"author-contact\">\n      \ud83d\udce7 <a href=\"mailto:reservasleiroresidences@higueronresort.com\">reservasleiroresidences@higueronresort.com<\/a><br>\n      \ud83d\udcde <a href=\"tel:+34952005203\">+34 952 00 52 03<\/a>\n    <\/p>\n  <\/div>\n<\/div>\n\n\n<p><\/p>\n","protected":false},"excerpt":{"rendered":"<p>El Starlite Occident Marbella regresa en su 15\u00aa edici\u00f3n para reafirmarse como el mejor festival de Marbella y una de las citas imprescindibles del verano europeo. Si est\u00e1s planeando tus pr\u00f3ximas vacaciones de lujo en M\u00e1laga, los conciertos en 2026 dentro de la emblem\u00e1tica cantera ofrecen una combinaci\u00f3n inigualable de ac\u00fastica perfecta y entorno natural&#8230;.<\/p>\n","protected":false},"author":7,"featured_media":4403,"comment_status":"closed","ping_status":"open","sticky":false,"template":"","format":"standard","meta":{"_acf_changed":false,"inline_featured_image":false,"_uag_custom_page_level_css":"","footnotes":""},"categories":[1],"tags":[],"class_list":["post-4400","post","type-post","status-publish","format-standard","has-post-thumbnail","hentry","category-sin-categorizar"],"acf":[],"uagb_featured_image_src":{"full":["https:\/\/leiroresidences.com\/wp-content\/uploads\/2026\/03\/starlite-occident-marbella.jpg",1400,600,false],"thumbnail":["https:\/\/leiroresidences.com\/wp-content\/uploads\/2026\/03\/starlite-occident-marbella-150x150.jpg",150,150,true],"medium":["https:\/\/leiroresidences.com\/wp-content\/uploads\/2026\/03\/starlite-occident-marbella-300x129.jpg",300,129,true],"medium_large":["https:\/\/leiroresidences.com\/wp-content\/uploads\/2026\/03\/starlite-occident-marbella-768x329.jpg",768,329,true],"large":["https:\/\/leiroresidences.com\/wp-content\/uploads\/2026\/03\/starlite-occident-marbella-1024x439.jpg",1024,439,true],"1536x1536":["https:\/\/leiroresidences.com\/wp-content\/uploads\/2026\/03\/starlite-occident-marbella.jpg",1400,600,false],"2048x2048":["https:\/\/leiroresidences.com\/wp-content\/uploads\/2026\/03\/starlite-occident-marbella.jpg",1400,600,false]},"uagb_author_info":{"display_name":"Antonio","author_link":"https:\/\/leiroresidences.com\/es\/author\/antonio\/"},"uagb_comment_info":0,"uagb_excerpt":"El Starlite Occident Marbella regresa en su 15\u00aa edici\u00f3n para reafirmarse como el mejor festival de Marbella y una de las citas imprescindibles del verano europeo. Si est\u00e1s planeando tus pr\u00f3ximas vacaciones de lujo en M\u00e1laga, los conciertos en 2026 dentro de la emblem\u00e1tica cantera ofrecen una combinaci\u00f3n inigualable de ac\u00fastica perfecta y entorno natural....","_links":{"self":[{"href":"https:\/\/leiroresidences.com\/es\/wp-json\/wp\/v2\/posts\/4400","targetHints":{"allow":["GET"]}}],"collection":[{"href":"https:\/\/leiroresidences.com\/es\/wp-json\/wp\/v2\/posts"}],"about":[{"href":"https:\/\/leiroresidences.com\/es\/wp-json\/wp\/v2\/types\/post"}],"author":[{"embeddable":true,"href":"https:\/\/leiroresidences.com\/es\/wp-json\/wp\/v2\/users\/7"}],"replies":[{"embeddable":true,"href":"https:\/\/leiroresidences.com\/es\/wp-json\/wp\/v2\/comments?post=4400"}],"version-history":[{"count":2,"href":"https:\/\/leiroresidences.com\/es\/wp-json\/wp\/v2\/posts\/4400\/revisions"}],"predecessor-version":[{"id":4409,"href":"https:\/\/leiroresidences.com\/es\/wp-json\/wp\/v2\/posts\/4400\/revisions\/4409"}],"wp:featuredmedia":[{"embeddable":true,"href":"https:\/\/leiroresidences.com\/es\/wp-json\/wp\/v2\/media\/4403"}],"wp:attachment":[{"href":"https:\/\/leiroresidences.com\/es\/wp-json\/wp\/v2\/media?parent=4400"}],"wp:term":[{"taxonomy":"category","embeddable":true,"href":"https:\/\/leiroresidences.com\/es\/wp-json\/wp\/v2\/categories?post=4400"},{"taxonomy":"post_tag","embeddable":true,"href":"https:\/\/leiroresidences.com\/es\/wp-json\/wp\/v2\/tags?post=4400"}],"curies":[{"name":"wp","href":"https:\/\/api.w.org\/{rel}","templated":true}]}}